{"id":4920,"date":"2026-02-24T10:00:34","date_gmt":"2026-02-24T09:00:34","guid":{"rendered":"https:\/\/borealisclima.com\/fr\/?p=4920"},"modified":"2026-03-16T11:39:43","modified_gmt":"2026-03-16T10:39:43","slug":"certification-eurovent-pour-nos-unites-de-traitement-dair-borealis","status":"publish","type":"post","link":"https:\/\/borealisclima.com\/fr\/certification-eurovent-pour-nos-unites-de-traitement-dair-borealis\/","title":{"rendered":"Certification Eurovent pour nos Unit\u00e9s de Traitement d\u2019Air \u00ab Borealis \u00bb"},"content":{"rendered":"<div class=\"wpb-content-wrapper\">[vc_row][vc_column][vc_column_text css=\u00a0\u00bb\u00a0\u00bb]\r\n<p data-start=\"77\" data-end=\"290\"><a href=\"http:\/\/Borealis\"><strong>Borealis<\/strong><\/a>, entreprise du groupe <strong><a href=\"https:\/\/camposcorporacion.com\/\">Campos<\/a><\/strong> sp\u00e9cialis\u00e9e dans la conception et la fabrication d\u2019\u00e9quipements de climatisation, a r\u00e9cemment obtenu la certification <strong><a id=\"https:\/\/www.eurovent-certification.com\/es\/\" href=\"https:\/\/www.eurovent-certification.com\/es\/\" type=\"link\">Eurovent <\/a><\/strong>pour sa gamme <a href=\"https:\/\/borealisclima.com\/producto\/utas-unidades-de-tratamiento-de-aire\/\">d\u2019Unit\u00e9s de Traitement d\u2019Air (UTA)<\/a>.<\/p>\r\nCette reconnaissance ind\u00e9pendante atteste du respect des plus hauts standards europ\u00e9ens en mati\u00e8re de performances, d\u2019efficacit\u00e9 et de fiabilit\u00e9 de ces \u00e9quipements. L\u2019obtention de cette certification est le r\u00e9sultat du travail continu des \u00e9quipes d\u2019ing\u00e9nierie, de production et de qualit\u00e9, et renforce l\u2019engagement du groupe \u00e0 proposer des solutions techniques \u00e9prouv\u00e9es et transparentes pour les projets les plus exigeants.\r\n\r\nD\u00e9sormais, les Unit\u00e9s de Traitement d\u2019Air Borealis certifi\u00e9es Eurovent pourront \u00eatre int\u00e9gr\u00e9es dans les projets o\u00f9 cette exigence est d\u00e9terminante, avec l\u2019assurance de disposer d\u2019\u00e9quipements v\u00e9rifi\u00e9s par un organisme de r\u00e9f\u00e9rence dans le secteur de la climatisation.\r\n\r\nL\u2019\u00e9quipe technique et commerciale de Campos reste, comme toujours, \u00e0 votre disposition pour fournir toute information compl\u00e9mentaire ou pour accompagner le d\u00e9veloppement de vos prochains projets.\r\n\r\n\r\n<div class=\"wp-block-spacer\" aria-hidden=\"true\"><\/div>\r\n\r\n<h2>\u00c0 propos d\u2019Eurovent<\/h2>\r\nEurovent est l\u2019un des organismes de certification les plus reconnus au niveau international dans le secteur de la climatisation, de la ventilation et de la r\u00e9frig\u00e9ration. Son syst\u00e8me de certification v\u00e9rifie de mani\u00e8re ind\u00e9pendante les performances d\u00e9clar\u00e9es par les fabricants, garantissant ainsi transparence, comparabilit\u00e9 et confiance dans les performances des \u00e9quipements.\r\n\r\nAujourd\u2019hui, des milliers de produits certifi\u00e9s Eurovent sont utilis\u00e9s dans des projets \u00e0 travers le monde, contribuant \u00e0 \u00e9lever les standards de qualit\u00e9, d\u2019efficacit\u00e9 \u00e9nerg\u00e9tique et de fiabilit\u00e9 dans les installations HVAC.[\/vc_column_text][\/vc_column][\/vc_row]<\/div>","protected":false},"excerpt":{"rendered":"<p>[vc_row][vc_column][vc_column_text css=\u00a0\u00bb\u00a0\u00bb] Borealis, entreprise du groupe Campos sp\u00e9cialis\u00e9e dans la conception et la fabrication d\u2019\u00e9quipements de climatisation, a r\u00e9cemment obtenu la certification Eurovent pour sa gamme d\u2019Unit\u00e9s de Traitement d\u2019Air (UTA). Cette reconnaissance ind\u00e9pendante atteste du respect des plus hauts standards europ\u00e9ens en mati\u00e8re de performances, d\u2019efficacit\u00e9 et de fiabilit\u00e9 de ces \u00e9quipements. L\u2019obtention de&hellip;<\/p>\n","protected":false},"author":2,"featured_media":4921,"comment_status":"closed","ping_status":"closed","sticky":false,"template":"","format":"standard","meta":{"footnotes":""},"categories":[1],"tags":[],"class_list":["post-4920","post","type-post","status-publish","format-standard","has-post-thumbnail","hentry","category-actualites","category-1","description-off"],"yoast_head":"<!-- This site is optimized with the Yoast SEO plugin v27.3 - https:\/\/yoast.com\/product\/yoast-seo-wordpress\/ -->\n<title>Certification Eurovent pour nos Unit\u00e9s de Traitement d\u2019Air \u00ab Borealis \u00bb - Borealis | Energie thermique<\/title>\n<meta name=\"robots\" content=\"index, follow, max-snippet:-1, max-image-preview:large, max-video-preview:-1\" \/>\n<link rel=\"canonical\" href=\"https:\/\/borealisclima.com\/fr\/certification-eurovent-pour-nos-unites-de-traitement-dair-borealis\/\" \/>\n<meta property=\"og:locale\" content=\"fr_FR\" \/>\n<meta property=\"og:type\" content=\"article\" \/>\n<meta property=\"og:title\" content=\"Certification Eurovent pour nos Unit\u00e9s de Traitement d\u2019Air \u00ab Borealis \u00bb - Borealis | Energie thermique\" \/>\n<meta property=\"og:description\" content=\"[vc_row][vc_column][vc_column_text css=\u00a0\u00bb\u00a0\u00bb] Borealis, entreprise du groupe Campos sp\u00e9cialis\u00e9e dans la conception et la fabrication d\u2019\u00e9quipements de climatisation, a r\u00e9cemment obtenu la certification Eurovent pour sa gamme d\u2019Unit\u00e9s de Traitement d\u2019Air (UTA). Cette reconnaissance ind\u00e9pendante atteste du respect des plus hauts standards europ\u00e9ens en mati\u00e8re de performances, d\u2019efficacit\u00e9 et de fiabilit\u00e9 de ces \u00e9quipements. L\u2019obtention de&hellip;\" \/>\n<meta property=\"og:url\" content=\"https:\/\/borealisclima.com\/fr\/certification-eurovent-pour-nos-unites-de-traitement-dair-borealis\/\" \/>\n<meta property=\"og:site_name\" content=\"Borealis | Energie thermique\" \/>\n<meta property=\"article:published_time\" content=\"2026-02-24T09:00:34+00:00\" \/>\n<meta property=\"article:modified_time\" content=\"2026-03-16T10:39:43+00:00\" \/>\n<meta property=\"og:image\" content=\"https:\/\/borealisclima.com\/fr\/wp-content\/uploads\/sites\/4\/2026\/02\/IMAGEN-EUROVENT-copia.jpg\" \/>\n\t<meta property=\"og:image:width\" content=\"1037\" \/>\n\t<meta property=\"og:image:height\" content=\"1080\" \/>\n\t<meta property=\"og:image:type\" content=\"image\/jpeg\" \/>\n<meta name=\"author\" content=\"Borealis Energ\u00eda T\u00e9rmica\" \/>\n<meta name=\"twitter:card\" content=\"summary_large_image\" \/>\n<meta name=\"twitter:label1\" content=\"\u00c9crit par\" \/>\n\t<meta name=\"twitter:data1\" content=\"Borealis Energ\u00eda T\u00e9rmica\" \/>\n\t<meta name=\"twitter:label2\" content=\"Dur\u00e9e de lecture estim\u00e9e\" \/>\n\t<meta name=\"twitter:data2\" content=\"2 minutes\" \/>\n<script type=\"application\/ld+json\" class=\"yoast-schema-graph\">{\"@context\":\"https:\\\/\\\/schema.org\",\"@graph\":[{\"@type\":\"Article\",\"@id\":\"https:\\\/\\\/borealisclima.com\\\/fr\\\/certification-eurovent-pour-nos-unites-de-traitement-dair-borealis\\\/#article\",\"isPartOf\":{\"@id\":\"https:\\\/\\\/borealisclima.com\\\/fr\\\/certification-eurovent-pour-nos-unites-de-traitement-dair-borealis\\\/\"},\"author\":{\"name\":\"Borealis Energ\u00eda T\u00e9rmica\",\"@id\":\"https:\\\/\\\/borealisclima.com\\\/fr\\\/#\\\/schema\\\/person\\\/662ff62fb5106b739855abb27b6e6af0\"},\"headline\":\"Certification Eurovent pour nos Unit\u00e9s de Traitement d\u2019Air \u00ab Borealis \u00bb\",\"datePublished\":\"2026-02-24T09:00:34+00:00\",\"dateModified\":\"2026-03-16T10:39:43+00:00\",\"mainEntityOfPage\":{\"@id\":\"https:\\\/\\\/borealisclima.com\\\/fr\\\/certification-eurovent-pour-nos-unites-de-traitement-dair-borealis\\\/\"},\"wordCount\":306,\"image\":{\"@id\":\"https:\\\/\\\/borealisclima.com\\\/fr\\\/certification-eurovent-pour-nos-unites-de-traitement-dair-borealis\\\/#primaryimage\"},\"thumbnailUrl\":\"https:\\\/\\\/borealisclima.com\\\/fr\\\/wp-content\\\/uploads\\\/sites\\\/4\\\/2026\\\/02\\\/IMAGEN-EUROVENT-copia.jpg\",\"articleSection\":[\"Actualit\u00e9s\"],\"inLanguage\":\"fr-FR\"},{\"@type\":\"WebPage\",\"@id\":\"https:\\\/\\\/borealisclima.com\\\/fr\\\/certification-eurovent-pour-nos-unites-de-traitement-dair-borealis\\\/\",\"url\":\"https:\\\/\\\/borealisclima.com\\\/fr\\\/certification-eurovent-pour-nos-unites-de-traitement-dair-borealis\\\/\",\"name\":\"Certification Eurovent pour nos Unit\u00e9s de Traitement d\u2019Air \u00ab Borealis \u00bb - Borealis | Energie thermique\",\"isPartOf\":{\"@id\":\"https:\\\/\\\/borealisclima.com\\\/fr\\\/#website\"},\"primaryImageOfPage\":{\"@id\":\"https:\\\/\\\/borealisclima.com\\\/fr\\\/certification-eurovent-pour-nos-unites-de-traitement-dair-borealis\\\/#primaryimage\"},\"image\":{\"@id\":\"https:\\\/\\\/borealisclima.com\\\/fr\\\/certification-eurovent-pour-nos-unites-de-traitement-dair-borealis\\\/#primaryimage\"},\"thumbnailUrl\":\"https:\\\/\\\/borealisclima.com\\\/fr\\\/wp-content\\\/uploads\\\/sites\\\/4\\\/2026\\\/02\\\/IMAGEN-EUROVENT-copia.jpg\",\"datePublished\":\"2026-02-24T09:00:34+00:00\",\"dateModified\":\"2026-03-16T10:39:43+00:00\",\"author\":{\"@id\":\"https:\\\/\\\/borealisclima.com\\\/fr\\\/#\\\/schema\\\/person\\\/662ff62fb5106b739855abb27b6e6af0\"},\"breadcrumb\":{\"@id\":\"https:\\\/\\\/borealisclima.com\\\/fr\\\/certification-eurovent-pour-nos-unites-de-traitement-dair-borealis\\\/#breadcrumb\"},\"inLanguage\":\"fr-FR\",\"potentialAction\":[{\"@type\":\"ReadAction\",\"target\":[\"https:\\\/\\\/borealisclima.com\\\/fr\\\/certification-eurovent-pour-nos-unites-de-traitement-dair-borealis\\\/\"]}]},{\"@type\":\"ImageObject\",\"inLanguage\":\"fr-FR\",\"@id\":\"https:\\\/\\\/borealisclima.com\\\/fr\\\/certification-eurovent-pour-nos-unites-de-traitement-dair-borealis\\\/#primaryimage\",\"url\":\"https:\\\/\\\/borealisclima.com\\\/fr\\\/wp-content\\\/uploads\\\/sites\\\/4\\\/2026\\\/02\\\/IMAGEN-EUROVENT-copia.jpg\",\"contentUrl\":\"https:\\\/\\\/borealisclima.com\\\/fr\\\/wp-content\\\/uploads\\\/sites\\\/4\\\/2026\\\/02\\\/IMAGEN-EUROVENT-copia.jpg\",\"width\":1037,\"height\":1080},{\"@type\":\"BreadcrumbList\",\"@id\":\"https:\\\/\\\/borealisclima.com\\\/fr\\\/certification-eurovent-pour-nos-unites-de-traitement-dair-borealis\\\/#breadcrumb\",\"itemListElement\":[{\"@type\":\"ListItem\",\"position\":1,\"name\":\"Portada\",\"item\":\"https:\\\/\\\/borealisclima.com\\\/fr\\\/\"},{\"@type\":\"ListItem\",\"position\":2,\"name\":\"Certification Eurovent pour nos Unit\u00e9s de Traitement d\u2019Air \u00ab Borealis \u00bb\"}]},{\"@type\":\"WebSite\",\"@id\":\"https:\\\/\\\/borealisclima.com\\\/fr\\\/#website\",\"url\":\"https:\\\/\\\/borealisclima.com\\\/fr\\\/\",\"name\":\"Borealis | Energie thermique\",\"description\":\"Entreprise du groupe Campos Corporaci\u00f3na\",\"potentialAction\":[{\"@type\":\"SearchAction\",\"target\":{\"@type\":\"EntryPoint\",\"urlTemplate\":\"https:\\\/\\\/borealisclima.com\\\/fr\\\/?s={search_term_string}\"},\"query-input\":{\"@type\":\"PropertyValueSpecification\",\"valueRequired\":true,\"valueName\":\"search_term_string\"}}],\"inLanguage\":\"fr-FR\"},{\"@type\":\"Person\",\"@id\":\"https:\\\/\\\/borealisclima.com\\\/fr\\\/#\\\/schema\\\/person\\\/662ff62fb5106b739855abb27b6e6af0\",\"name\":\"Borealis Energ\u00eda T\u00e9rmica\",\"image\":{\"@type\":\"ImageObject\",\"inLanguage\":\"fr-FR\",\"@id\":\"https:\\\/\\\/secure.gravatar.com\\\/avatar\\\/348e3148e60a9d417f4c7f711aaf87be299fbcf0e73ff7db0a825e5c3ff7d166?s=96&d=mm&r=g\",\"url\":\"https:\\\/\\\/secure.gravatar.com\\\/avatar\\\/348e3148e60a9d417f4c7f711aaf87be299fbcf0e73ff7db0a825e5c3ff7d166?s=96&d=mm&r=g\",\"contentUrl\":\"https:\\\/\\\/secure.gravatar.com\\\/avatar\\\/348e3148e60a9d417f4c7f711aaf87be299fbcf0e73ff7db0a825e5c3ff7d166?s=96&d=mm&r=g\",\"caption\":\"Borealis Energ\u00eda T\u00e9rmica\"},\"url\":\"https:\\\/\\\/borealisclima.com\\\/fr\\\/author\\\/borealis\\\/\"}]}<\/script>\n<!-- \/ Yoast SEO plugin. -->","yoast_head_json":{"title":"Certification Eurovent pour nos Unit\u00e9s de Traitement d\u2019Air \u00ab Borealis \u00bb - Borealis | Energie thermique","robots":{"index":"index","follow":"follow","max-snippet":"max-snippet:-1","max-image-preview":"max-image-preview:large","max-video-preview":"max-video-preview:-1"},"canonical":"https:\/\/borealisclima.com\/fr\/certification-eurovent-pour-nos-unites-de-traitement-dair-borealis\/","og_locale":"fr_FR","og_type":"article","og_title":"Certification Eurovent pour nos Unit\u00e9s de Traitement d\u2019Air \u00ab Borealis \u00bb - Borealis | Energie thermique","og_description":"[vc_row][vc_column][vc_column_text css=\u00a0\u00bb\u00a0\u00bb] Borealis, entreprise du groupe Campos sp\u00e9cialis\u00e9e dans la conception et la fabrication d\u2019\u00e9quipements de climatisation, a r\u00e9cemment obtenu la certification Eurovent pour sa gamme d\u2019Unit\u00e9s de Traitement d\u2019Air (UTA). Cette reconnaissance ind\u00e9pendante atteste du respect des plus hauts standards europ\u00e9ens en mati\u00e8re de performances, d\u2019efficacit\u00e9 et de fiabilit\u00e9 de ces \u00e9quipements. L\u2019obtention de&hellip;","og_url":"https:\/\/borealisclima.com\/fr\/certification-eurovent-pour-nos-unites-de-traitement-dair-borealis\/","og_site_name":"Borealis | Energie thermique","article_published_time":"2026-02-24T09:00:34+00:00","article_modified_time":"2026-03-16T10:39:43+00:00","og_image":[{"width":1037,"height":1080,"url":"https:\/\/borealisclima.com\/fr\/wp-content\/uploads\/sites\/4\/2026\/02\/IMAGEN-EUROVENT-copia.jpg","type":"image\/jpeg"}],"author":"Borealis Energ\u00eda T\u00e9rmica","twitter_card":"summary_large_image","twitter_misc":{"\u00c9crit par":"Borealis Energ\u00eda T\u00e9rmica","Dur\u00e9e de lecture estim\u00e9e":"2 minutes"},"schema":{"@context":"https:\/\/schema.org","@graph":[{"@type":"Article","@id":"https:\/\/borealisclima.com\/fr\/certification-eurovent-pour-nos-unites-de-traitement-dair-borealis\/#article","isPartOf":{"@id":"https:\/\/borealisclima.com\/fr\/certification-eurovent-pour-nos-unites-de-traitement-dair-borealis\/"},"author":{"name":"Borealis Energ\u00eda T\u00e9rmica","@id":"https:\/\/borealisclima.com\/fr\/#\/schema\/person\/662ff62fb5106b739855abb27b6e6af0"},"headline":"Certification Eurovent pour nos Unit\u00e9s de Traitement d\u2019Air \u00ab Borealis \u00bb","datePublished":"2026-02-24T09:00:34+00:00","dateModified":"2026-03-16T10:39:43+00:00","mainEntityOfPage":{"@id":"https:\/\/borealisclima.com\/fr\/certification-eurovent-pour-nos-unites-de-traitement-dair-borealis\/"},"wordCount":306,"image":{"@id":"https:\/\/borealisclima.com\/fr\/certification-eurovent-pour-nos-unites-de-traitement-dair-borealis\/#primaryimage"},"thumbnailUrl":"https:\/\/borealisclima.com\/fr\/wp-content\/uploads\/sites\/4\/2026\/02\/IMAGEN-EUROVENT-copia.jpg","articleSection":["Actualit\u00e9s"],"inLanguage":"fr-FR"},{"@type":"WebPage","@id":"https:\/\/borealisclima.com\/fr\/certification-eurovent-pour-nos-unites-de-traitement-dair-borealis\/","url":"https:\/\/borealisclima.com\/fr\/certification-eurovent-pour-nos-unites-de-traitement-dair-borealis\/","name":"Certification Eurovent pour nos Unit\u00e9s de Traitement d\u2019Air \u00ab Borealis \u00bb - Borealis | Energie thermique","isPartOf":{"@id":"https:\/\/borealisclima.com\/fr\/#website"},"primaryImageOfPage":{"@id":"https:\/\/borealisclima.com\/fr\/certification-eurovent-pour-nos-unites-de-traitement-dair-borealis\/#primaryimage"},"image":{"@id":"https:\/\/borealisclima.com\/fr\/certification-eurovent-pour-nos-unites-de-traitement-dair-borealis\/#primaryimage"},"thumbnailUrl":"https:\/\/borealisclima.com\/fr\/wp-content\/uploads\/sites\/4\/2026\/02\/IMAGEN-EUROVENT-copia.jpg","datePublished":"2026-02-24T09:00:34+00:00","dateModified":"2026-03-16T10:39:43+00:00","author":{"@id":"https:\/\/borealisclima.com\/fr\/#\/schema\/person\/662ff62fb5106b739855abb27b6e6af0"},"breadcrumb":{"@id":"https:\/\/borealisclima.com\/fr\/certification-eurovent-pour-nos-unites-de-traitement-dair-borealis\/#breadcrumb"},"inLanguage":"fr-FR","potentialAction":[{"@type":"ReadAction","target":["https:\/\/borealisclima.com\/fr\/certification-eurovent-pour-nos-unites-de-traitement-dair-borealis\/"]}]},{"@type":"ImageObject","inLanguage":"fr-FR","@id":"https:\/\/borealisclima.com\/fr\/certification-eurovent-pour-nos-unites-de-traitement-dair-borealis\/#primaryimage","url":"https:\/\/borealisclima.com\/fr\/wp-content\/uploads\/sites\/4\/2026\/02\/IMAGEN-EUROVENT-copia.jpg","contentUrl":"https:\/\/borealisclima.com\/fr\/wp-content\/uploads\/sites\/4\/2026\/02\/IMAGEN-EUROVENT-copia.jpg","width":1037,"height":1080},{"@type":"BreadcrumbList","@id":"https:\/\/borealisclima.com\/fr\/certification-eurovent-pour-nos-unites-de-traitement-dair-borealis\/#breadcrumb","itemListElement":[{"@type":"ListItem","position":1,"name":"Portada","item":"https:\/\/borealisclima.com\/fr\/"},{"@type":"ListItem","position":2,"name":"Certification Eurovent pour nos Unit\u00e9s de Traitement d\u2019Air \u00ab Borealis \u00bb"}]},{"@type":"WebSite","@id":"https:\/\/borealisclima.com\/fr\/#website","url":"https:\/\/borealisclima.com\/fr\/","name":"Borealis | Energie thermique","description":"Entreprise du groupe Campos Corporaci\u00f3na","potentialAction":[{"@type":"SearchAction","target":{"@type":"EntryPoint","urlTemplate":"https:\/\/borealisclima.com\/fr\/?s={search_term_string}"},"query-input":{"@type":"PropertyValueSpecification","valueRequired":true,"valueName":"search_term_string"}}],"inLanguage":"fr-FR"},{"@type":"Person","@id":"https:\/\/borealisclima.com\/fr\/#\/schema\/person\/662ff62fb5106b739855abb27b6e6af0","name":"Borealis Energ\u00eda T\u00e9rmica","image":{"@type":"ImageObject","inLanguage":"fr-FR","@id":"https:\/\/secure.gravatar.com\/avatar\/348e3148e60a9d417f4c7f711aaf87be299fbcf0e73ff7db0a825e5c3ff7d166?s=96&d=mm&r=g","url":"https:\/\/secure.gravatar.com\/avatar\/348e3148e60a9d417f4c7f711aaf87be299fbcf0e73ff7db0a825e5c3ff7d166?s=96&d=mm&r=g","contentUrl":"https:\/\/secure.gravatar.com\/avatar\/348e3148e60a9d417f4c7f711aaf87be299fbcf0e73ff7db0a825e5c3ff7d166?s=96&d=mm&r=g","caption":"Borealis Energ\u00eda T\u00e9rmica"},"url":"https:\/\/borealisclima.com\/fr\/author\/borealis\/"}]}},"_links":{"self":[{"href":"https:\/\/borealisclima.com\/fr\/wp-json\/wp\/v2\/posts\/4920","targetHints":{"allow":["GET"]}}],"collection":[{"href":"https:\/\/borealisclima.com\/fr\/wp-json\/wp\/v2\/posts"}],"about":[{"href":"https:\/\/borealisclima.com\/fr\/wp-json\/wp\/v2\/types\/post"}],"author":[{"embeddable":true,"href":"https:\/\/borealisclima.com\/fr\/wp-json\/wp\/v2\/users\/2"}],"replies":[{"embeddable":true,"href":"https:\/\/borealisclima.com\/fr\/wp-json\/wp\/v2\/comments?post=4920"}],"version-history":[{"count":0,"href":"https:\/\/borealisclima.com\/fr\/wp-json\/wp\/v2\/posts\/4920\/revisions"}],"wp:featuredmedia":[{"embeddable":true,"href":"https:\/\/borealisclima.com\/fr\/wp-json\/wp\/v2\/media\/4921"}],"wp:attachment":[{"href":"https:\/\/borealisclima.com\/fr\/wp-json\/wp\/v2\/media?parent=4920"}],"wp:term":[{"taxonomy":"category","embeddable":true,"href":"https:\/\/borealisclima.com\/fr\/wp-json\/wp\/v2\/categories?post=4920"},{"taxonomy":"post_tag","embeddable":true,"href":"https:\/\/borealisclima.com\/fr\/wp-json\/wp\/v2\/tags?post=4920"}],"curies":[{"name":"wp","href":"https:\/\/api.w.org\/{rel}","templated":true}]}}